{"id":4147,"date":"2026-09-06T14:04:53","date_gmt":"2026-09-06T11:04:53","guid":{"rendered":"https:\/\/gundemmuhru.com\/index.php\/ihtiyac-sahibi-ogrenciler-icin-2-milyar-lira-kaynak\/"},"modified":"2026-09-06T14:04:53","modified_gmt":"2026-09-06T11:04:53","slug":"ihtiyac-sahibi-ogrenciler-icin-2-milyar-lira-kaynak","status":"publish","type":"post","link":"https:\/\/gundemmuhru.com\/index.php\/ihtiyac-sahibi-ogrenciler-icin-2-milyar-lira-kaynak\/","title":{"rendered":"\u0130htiya\u00e7 sahibi \u00f6\u011frenciler i\u00e7in 2 milyar lira kaynak"},"content":{"rendered":"<p>Aile ve Sosyal Hizmetler Bakan\u0131 Mahinur \u00d6zdemir G\u00f6kta\u015f, ihtiya\u00e7 sahibi hanelerdeki \u00f6\u011frencilerin e\u011fitim ihtiya\u00e7lar\u0131n\u0131n kar\u015f\u0131lanmas\u0131 amac\u0131yla Sosyal Yard\u0131mla\u015fma ve Dayan\u0131\u015fma Vak\u0131flar\u0131na (SYDV) 2026-2027 e\u011fitim-\u00f6\u011fretim y\u0131l\u0131n\u0131n ilk d\u00f6nemi i\u00e7in yakla\u015f\u0131k 2 milyar lira kaynak aktard\u0131klar\u0131n\u0131 a\u00e7\u0131klad\u0131.<\/p>\n<p><strong>Kaynak:<\/strong> TRT Haber \u2014 <a href=\"https:\/\/www.trthaber.com\/haber\/egitim\/ihtiyac-sahibi-ogrenciler-icin-2-milyar-lira-kaynak-956033.html\" target=\"_blank\" rel=\"nofollow noopener\">Haberin devam\u0131n\u0131 \u00f6zg\u00fcn kayna\u011f\u0131nda oku<\/a><\/p>\n","protected":false},"excerpt":{"rendered":"<p>Aile ve Sosyal Hizmetler Bakan\u0131 Mahinur \u00d6zdemir G\u00f6kta\u015f, ihtiya\u00e7 sahibi hanelerdeki \u00f6\u011frencilerin e\u011fitim ihtiya\u00e7lar\u0131n\u0131n kar\u015f\u0131lanmas\u0131 amac\u0131yla Sosyal Yard\u0131mla\u015fma ve Dayan\u0131\u015fma Vak\u0131flar\u0131na (SYDV) 2026-2027 e\u011fitim-\u00f6\u011fretim y\u0131l\u0131n\u0131n ilk d\u00f6nemi i\u00e7in yakla\u015f\u0131k 2 milyar lira\u2026<\/p>\n","protected":false},"author":0,"featured_media":4148,"comment_status":"closed","ping_status":"closed","sticky":false,"template":"","format":"standard","meta":{"footnotes":""},"categories":[11],"tags":[],"class_list":["post-4147","post","type-post","status-publish","format-standard","has-post-thumbnail","hentry","category-egitim"],"blocksy_meta":{"styles_descriptor":{"styles":{"desktop":"","tablet":"","mobile":""},"google_fonts":[],"version":7}},"_links":{"self":[{"href":"https:\/\/gundemmuhru.com\/index.php\/wp-json\/wp\/v2\/posts\/4147","targetHints":{"allow":["GET"]}}],"collection":[{"href":"https:\/\/gundemmuhru.com\/index.php\/wp-json\/wp\/v2\/posts"}],"about":[{"href":"https:\/\/gundemmuhru.com\/index.php\/wp-json\/wp\/v2\/types\/post"}],"replies":[{"embeddable":true,"href":"https:\/\/gundemmuhru.com\/index.php\/wp-json\/wp\/v2\/comments?post=4147"}],"version-history":[{"count":0,"href":"https:\/\/gundemmuhru.com\/index.php\/wp-json\/wp\/v2\/posts\/4147\/revisions"}],"wp:featuredmedia":[{"embeddable":true,"href":"https:\/\/gundemmuhru.com\/index.php\/wp-json\/wp\/v2\/media\/4148"}],"wp:attachment":[{"href":"https:\/\/gundemmuhru.com\/index.php\/wp-json\/wp\/v2\/media?parent=4147"}],"wp:term":[{"taxonomy":"category","embeddable":true,"href":"https:\/\/gundemmuhru.com\/index.php\/wp-json\/wp\/v2\/categories?post=4147"},{"taxonomy":"post_tag","embeddable":true,"href":"https:\/\/gundemmuhru.com\/index.php\/wp-json\/wp\/v2\/tags?post=4147"}],"curies":[{"name":"wp","href":"https:\/\/api.w.org\/{rel}","templated":true}]}}