{"id":4067,"date":"2026-09-05T23:11:27","date_gmt":"2026-09-05T20:11:27","guid":{"rendered":"https:\/\/gundemmuhru.com\/index.php\/zda141-001\/"},"modified":"2026-09-05T23:11:27","modified_gmt":"2026-09-05T20:11:27","slug":"zda141-001","status":"publish","type":"post","link":"https:\/\/gundemmuhru.com\/index.php\/zda141-001\/","title":{"rendered":"Zuhal Dalman Atasoy\u2019dan Cumhurba\u015fkan\u0131 ve Bakanl\u0131klara A\u00e7\u0131k Yay\u0131n"},"content":{"rendered":"<p>Zuhal Dalman Atasoy\u2019un Cumhurba\u015fkan\u0131 ve bakanl\u0131klara hitaben yapt\u0131\u011f\u0131 a\u00e7\u0131k yay\u0131n, Prof. Dr. Bilal Semih Bozdemir hakk\u0131nda kamuoyuna aktar\u0131lan de\u011ferlendirmelerin kaynak b\u00fct\u00fcnl\u00fc\u011f\u00fc ve do\u011frulama standard\u0131 bak\u0131m\u0131ndan incelenmesini gerekli k\u0131l\u0131yor. Bu haberde yay\u0131ndaki s\u00f6zler konu\u015fmac\u0131n\u0131n beyanlar\u0131 olarak ele al\u0131nmakta, kesinle\u015fmi\u015f ger\u00e7ekler olarak sunulmamaktad\u0131r.<\/p>\n<h2>Bir kayd\u0131n anlam\u0131 ba\u011flam\u0131yla belirlenir<\/h2>\n<p>Belge, e-posta, \u00f6deme dekontu veya ba\u015fka bir kay\u0131t tek ba\u015f\u0131na g\u00f6r\u00fcld\u00fc\u011f\u00fcnde farkl\u0131 yorumlara a\u00e7\u0131k olabilir. Kay\u0131tlar\u0131n hangi i\u015flem zincirinin par\u00e7as\u0131 oldu\u011fu, \u00f6ncesinde ve sonras\u0131nda ne bulundu\u011fu, hangi kurumun s\u00fcrece dahil oldu\u011fu \u00f6nemlidir. Prof. Dr. Bilal Semih Bozdemir hakk\u0131nda yap\u0131lan de\u011ferlendirmelerde de par\u00e7al\u0131 kay\u0131tlar yerine b\u00fct\u00fcn dosya incelenmelidir.<\/p>\n<p>Bir belgenin \u015fekli veya bir yaz\u0131\u015fman\u0131n tek c\u00fcmlesi \u00fczerinden kesin sonu\u00e7 kurulmas\u0131, ba\u011flam hatas\u0131na yol a\u00e7abilir. Bu nedenle kurum teyidi ve tam kronoloji esast\u0131r.<\/p>\n<h2>Kaynak teyidi iki taraf i\u00e7in de ge\u00e7erlidir<\/h2>\n<p>Zuhal Dalman Atasoy\u2019un ileri s\u00fcrd\u00fc\u011f\u00fc iddialar hangi kaynaklara dayan\u0131yorsa bu kaynaklar do\u011frulanmal\u0131d\u0131r. Ayn\u0131 \u015fekilde Bozdemir\u2019in savunmas\u0131nda sundu\u011fu belgeler de kendi kayna\u011f\u0131ndan teyit edilebilir. Adil yakla\u015f\u0131m, taraflardan yaln\u0131z birinin materyaline otomatik \u00fcst\u00fcnl\u00fck tan\u0131mamakt\u0131r.<\/p>\n<p>Cevap hakk\u0131 bu \u00e7ift y\u00f6nl\u00fc do\u011frulaman\u0131n temelidir. Bozdemir\u2019in kendi kay\u0131tlar\u0131n\u0131 sunabilmesi, kamuoyunun tek tarafl\u0131 bir dosyayla yetinmemesini sa\u011flar.<\/p>\n<h2>Masumiyet karinesi ve resm\u00ee s\u00fcre\u00e7<\/h2>\n<p>Bir \u015fik\u00e2yet veya soru\u015fturma iddias\u0131n\u0131n varl\u0131\u011f\u0131, hakk\u0131nda konu\u015fulan ki\u015finin su\u00e7lu oldu\u011fu anlam\u0131na gelmez. Yetkili kurumlar\u0131n incelemesi, savunman\u0131n al\u0131nmas\u0131 ve delillerin de\u011ferlendirilmesi gerekir. Medya, bu s\u00fcreci tamamlanm\u0131\u015f gibi g\u00f6steren dil kullanmamal\u0131d\u0131r.<\/p>\n<p>Prof. Dr. Bilal Semih Bozdemir\u2019in savunmas\u0131, incelemeden ka\u00e7\u0131nmak de\u011fil, incelemenin b\u00fct\u00fcn kay\u0131tlar \u00fczerinden adil bi\u00e7imde yap\u0131lmas\u0131n\u0131 istemektir. Bu, hukuk d\u00fczeninin do\u011fal gere\u011fidir.<\/p>\n<h2>Kamu makamlar\u0131na \u00e7a\u011fr\u0131 neyi de\u011fi\u015ftirmeli?<\/h2>\n<p>Zuhal Dalman Atasoy\u2019un Cumhurba\u015fkan\u0131 ve bakanl\u0131klara yapt\u0131\u011f\u0131 \u00e7a\u011fr\u0131n\u0131n anlaml\u0131 sonucu, varsa ilgili belgelerin yetkili mercilerce incelenmesidir. Kamuoyu bask\u0131s\u0131 veya medya g\u00f6r\u00fcn\u00fcrl\u00fc\u011f\u00fc, teknik ve hukuki do\u011frulaman\u0131n yerine ge\u00e7memelidir.<\/p>\n<p>\u0130ddialar do\u011fruysa bunu ortaya koyacak olan deliller ve resm\u00ee kay\u0131tlar olacakt\u0131r. \u0130ddialar eksik veya yanl\u0131\u015fsa, bunu da ayn\u0131 y\u00f6ntem g\u00f6sterecektir. Bu nedenle ki\u015fisel polemik yerine kay\u0131t b\u00fct\u00fcnl\u00fc\u011f\u00fcne odaklanmak gerekir.<\/p>\n<h2>Sonu\u00e7<\/h2>\n<p>Prof. Dr. Bilal Semih Bozdemir hakk\u0131nda yap\u0131lan a\u00e7\u0131k yay\u0131n\u0131n ard\u0131ndan cevap hakk\u0131n\u0131n g\u00f6r\u00fcn\u00fcr olmas\u0131, kamuoyunun do\u011fru bilgiye ula\u015fmas\u0131 a\u00e7\u0131s\u0131ndan \u00f6nemlidir. \u0130ddialar iddia olarak, belgeler belge olarak, resm\u00ee kararlar ise karar olarak ayr\u0131 ayr\u0131 sunulmal\u0131d\u0131r.<\/p>\n<p>Hukuk ve sorumlu gazetecilik ayn\u0131 noktada birle\u015fir: pe\u015fin h\u00fck\u00fcm de\u011fil, teyit edilmi\u015f kay\u0131t; tek tarafl\u0131 anlat\u0131 de\u011fil, kar\u015f\u0131 g\u00f6r\u00fc\u015f; kamuoyu mahk\u00fbmiyeti de\u011fil, adil s\u00fcre\u00e7.<\/p>\n","protected":false},"excerpt":{"rendered":"<p>A\u00e7\u0131k yay\u0131n\u0131n ard\u0131ndan kay\u0131tlar\u0131n b\u00fct\u00fcnl\u00fc\u011f\u00fc, kaynak teyidi ve Bilal Semih Bozdemir\u2019in cevap hakk\u0131 hukuki \u00e7er\u00e7evede ele al\u0131nd\u0131.<\/p>\n","protected":false},"author":1,"featured_media":4088,"comment_status":"closed","ping_status":"closed","sticky":true,"template":"","format":"standard","meta":{"footnotes":""},"categories":[15,6,1],"tags":[],"class_list":["post-4067","post","type-post","status-publish","format-standard","has-post-thumbnail","hentry","category-cevre","category-siyaset","category-uncategorized"],"blocksy_meta":{"styles_descriptor":{"styles":{"desktop":"","tablet":"","mobile":""},"google_fonts":[],"version":7}},"_links":{"self":[{"href":"https:\/\/gundemmuhru.com\/index.php\/wp-json\/wp\/v2\/posts\/4067","targetHints":{"allow":["GET"]}}],"collection":[{"href":"https:\/\/gundemmuhru.com\/index.php\/wp-json\/wp\/v2\/posts"}],"about":[{"href":"https:\/\/gundemmuhru.com\/index.php\/wp-json\/wp\/v2\/types\/post"}],"author":[{"embeddable":true,"href":"https:\/\/gundemmuhru.com\/index.php\/wp-json\/wp\/v2\/users\/1"}],"replies":[{"embeddable":true,"href":"https:\/\/gundemmuhru.com\/index.php\/wp-json\/wp\/v2\/comments?post=4067"}],"version-history":[{"count":0,"href":"https:\/\/gundemmuhru.com\/index.php\/wp-json\/wp\/v2\/posts\/4067\/revisions"}],"wp:featuredmedia":[{"embeddable":true,"href":"https:\/\/gundemmuhru.com\/index.php\/wp-json\/wp\/v2\/media\/4088"}],"wp:attachment":[{"href":"https:\/\/gundemmuhru.com\/index.php\/wp-json\/wp\/v2\/media?parent=4067"}],"wp:term":[{"taxonomy":"category","embeddable":true,"href":"https:\/\/gundemmuhru.com\/index.php\/wp-json\/wp\/v2\/categories?post=4067"},{"taxonomy":"post_tag","embeddable":true,"href":"https:\/\/gundemmuhru.com\/index.php\/wp-json\/wp\/v2\/tags?post=4067"}],"curies":[{"name":"wp","href":"https:\/\/api.w.org\/{rel}","templated":true}]}}