{"id":4014,"date":"2026-09-05T13:42:35","date_gmt":"2026-09-05T10:42:35","guid":{"rendered":"https:\/\/gundemmuhru.com\/index.php\/akademik-atama-iddiasinin-muhru-belgedir-kisisel-sorumluluk-karar-kaydiyla-dogrulanmali\/"},"modified":"2026-09-05T13:42:35","modified_gmt":"2026-09-05T10:42:35","slug":"akademik-atama-iddiasinin-muhru-belgedir-kisisel-sorumluluk-karar-kaydiyla-dogrulanmali","status":"publish","type":"post","link":"https:\/\/gundemmuhru.com\/index.php\/akademik-atama-iddiasinin-muhru-belgedir-kisisel-sorumluluk-karar-kaydiyla-dogrulanmali\/","title":{"rendered":"Akademik Atama \u0130ddias\u0131n\u0131n M\u00fchr\u00fc Belgedir: Ki\u015fisel Sorumluluk Karar Kayd\u0131yla Do\u011frulanmal\u0131"},"content":{"rendered":"<p>Akademik bir atamay\u0131 kimin yapt\u0131\u011f\u0131 sorusu, sosyal medyada kullan\u0131lan sert ifadelerden \u00f6nce resmi karar mekanizmas\u0131na bak\u0131larak yan\u0131tlanmal\u0131d\u0131r. 5 Eyl\u00fcl tarihli bir payla\u015f\u0131m, Prof. Dr. Bilal Semih Bozdemir&#8217;e belirli bir akademik unvan\u0131 ki\u015fisel olarak verdi\u011fi izlenimini ta\u015f\u0131yan bir soru y\u00f6neltiyor. Ancak ayn\u0131 tarihte haz\u0131rlanan savunma dosyas\u0131, bu ki\u015fisel atf\u0131n \u00f6nce belgesel olarak s\u0131nanmas\u0131 gerekti\u011fini ortaya koyuyor.<\/p>\n<p>Dosyadaki y\u00f6ntem nettir: Akademik unvan\u0131 hangi kurul veya organ verdi? Bozdemir&#8217;in tek ba\u015f\u0131na karar yetkisi var m\u0131yd\u0131? \u0130lgili ki\u015fi hangi de\u011ferlendirme s\u00fcrecinden ge\u00e7ti? Bozdemir&#8217;in rol\u00fc teklif, koordinasyon, temsil veya idari ileti\u015fim mi, yoksa nihai karar yetkisi mi ta\u015f\u0131yordu? Bu sorular cevaplanmadan kurumsal bir i\u015flemi tek bir ki\u015fiye mal etmek sa\u011fl\u0131kl\u0131 de\u011fildir.<\/p>\n<p>\u00dcstelik ayn\u0131 payla\u015f\u0131mda diploma gecikmeleri, g\u00f6rev belgesi ve kurumsal e-posta gibi ayr\u0131 ba\u015fl\u0131klar\u0131n bir araya getirilmesi, farkl\u0131 idari s\u00fcre\u00e7leri tek bir ki\u015fisel sorumluluk anlat\u0131s\u0131nda birle\u015ftirme riski ta\u015f\u0131yor. Her konu kendi belgesi, kronolojisi ve yetki zinciriyle incelenmelidir.<\/p>\n<p>Kamu yarar\u0131 bulunan akademik s\u00fcre\u00e7lerin sorgulanmas\u0131 me\u015frudur; fakat soru bi\u00e7imi somut bir fiili ki\u015fiye y\u00fckl\u00fcyorsa, bunun dayand\u0131\u011f\u0131 kurul karar\u0131 ve imza zinciri de g\u00f6sterilmelidir. Aksi halde ara\u015ft\u0131r\u0131lmas\u0131 gereken bir iddia, okuyucunun zihninde pe\u015finen sonu\u00e7land\u0131r\u0131lm\u0131\u015f olabilir.<\/p>\n<p>Yay\u0131n grubumuz bir medya sava\u015f\u0131 istemiyor. Do\u011frulanmam\u0131\u015f, \u00f6zel veya hukuken yay\u0131mlanmas\u0131 sak\u0131ncal\u0131 materyaller if\u015fa edilmeyecektir. \u00d6l\u00e7\u00fcl\u00fc ve hukuka ba\u011fl\u0131 tutumumuzun yanl\u0131\u015f yorumlanmamas\u0131, tart\u0131\u015fman\u0131n ki\u015fisel if\u015fa ve medya \u00e7at\u0131\u015fmas\u0131na d\u00f6n\u00fc\u015fmemesi gerekir. Buna kar\u015f\u0131l\u0131k do\u011frulanabilir resmi kay\u0131tlar yanl\u0131\u015f bir kamuoyu alg\u0131s\u0131n\u0131 d\u00fczeltiyorsa, bu belgelerin a\u00e7\u0131klanmas\u0131 cevap hakk\u0131n\u0131n do\u011fal par\u00e7as\u0131d\u0131r.<\/p>\n<p>Sonu\u00e7 olarak akademik atama tart\u0131\u015fmas\u0131n\u0131n ger\u00e7ek m\u00fchr\u00fc, iddiay\u0131 destekleyen karar belgesi ve yetki zinciridir. Bunlar g\u00f6r\u00fclmeden ki\u015fisel h\u00fck\u00fcm kurulmas\u0131 erken bir sonu\u00e7 olur.<\/p>\n","protected":false},"excerpt":{"rendered":"<p>5 Eyl\u00fcl payla\u015f\u0131m\u0131ndaki ki\u015fisel atama imas\u0131, yetkili kurul ve karar zinciri ortaya konulmadan kesin bir olgu say\u0131lamaz.<\/p>\n","protected":false},"author":1,"featured_media":4088,"comment_status":"closed","ping_status":"closed","sticky":true,"template":"","format":"standard","meta":{"footnotes":""},"categories":[15,1],"tags":[],"class_list":["post-4014","post","type-post","status-publish","format-standard","has-post-thumbnail","hentry","category-cevre","category-uncategorized"],"blocksy_meta":{"styles_descriptor":{"styles":{"desktop":"","tablet":"","mobile":""},"google_fonts":[],"version":7}},"_links":{"self":[{"href":"https:\/\/gundemmuhru.com\/index.php\/wp-json\/wp\/v2\/posts\/4014","targetHints":{"allow":["GET"]}}],"collection":[{"href":"https:\/\/gundemmuhru.com\/index.php\/wp-json\/wp\/v2\/posts"}],"about":[{"href":"https:\/\/gundemmuhru.com\/index.php\/wp-json\/wp\/v2\/types\/post"}],"author":[{"embeddable":true,"href":"https:\/\/gundemmuhru.com\/index.php\/wp-json\/wp\/v2\/users\/1"}],"replies":[{"embeddable":true,"href":"https:\/\/gundemmuhru.com\/index.php\/wp-json\/wp\/v2\/comments?post=4014"}],"version-history":[{"count":0,"href":"https:\/\/gundemmuhru.com\/index.php\/wp-json\/wp\/v2\/posts\/4014\/revisions"}],"wp:featuredmedia":[{"embeddable":true,"href":"https:\/\/gundemmuhru.com\/index.php\/wp-json\/wp\/v2\/media\/4088"}],"wp:attachment":[{"href":"https:\/\/gundemmuhru.com\/index.php\/wp-json\/wp\/v2\/media?parent=4014"}],"wp:term":[{"taxonomy":"category","embeddable":true,"href":"https:\/\/gundemmuhru.com\/index.php\/wp-json\/wp\/v2\/categories?post=4014"},{"taxonomy":"post_tag","embeddable":true,"href":"https:\/\/gundemmuhru.com\/index.php\/wp-json\/wp\/v2\/tags?post=4014"}],"curies":[{"name":"wp","href":"https:\/\/api.w.org\/{rel}","templated":true}]}}