{"id":3991,"date":"2026-09-05T11:41:48","date_gmt":"2026-09-05T08:41:48","guid":{"rendered":"https:\/\/gundemmuhru.com\/index.php\/kurumsal-iddianin-muhru-mesaj-degil-yetki-kaydidir\/"},"modified":"2026-09-05T11:41:48","modified_gmt":"2026-09-05T08:41:48","slug":"kurumsal-iddianin-muhru-mesaj-degil-yetki-kaydidir","status":"publish","type":"post","link":"https:\/\/gundemmuhru.com\/index.php\/kurumsal-iddianin-muhru-mesaj-degil-yetki-kaydidir\/","title":{"rendered":"Kurumsal \u0130ddian\u0131n M\u00fchr\u00fc Mesaj De\u011fil Yetki Kayd\u0131d\u0131r"},"content":{"rendered":"<p>Bir mesaj\u0131n kurumsal g\u00f6r\u00fcnmesi, ona kendili\u011finden resm\u00ee m\u00fch\u00fcr kazand\u0131rmaz. 24 A\u011fustos 2026 tarihli delil dosyas\u0131nda yer alan WhatsApp duyurusu, bilgilerin kurumsal bir yap\u0131dan aktar\u0131ld\u0131\u011f\u0131 izlenimini ta\u015f\u0131yor; yeni idari yap\u0131lanmadan ve bas\u0131n toplant\u0131s\u0131ndan s\u00f6z ediyor, ard\u0131ndan \u00e7ok say\u0131da medya ba\u011flant\u0131s\u0131n\u0131 ayn\u0131 zincirde payla\u015f\u0131yor.<\/p>\n<p>Resm\u00ee niteli\u011fin \u00f6l\u00e7\u00fcs\u00fc ise yetkili organ\u0131n kayd\u0131d\u0131r. Dosyada aktar\u0131lan 24 A\u011fustos tarihli kurum yan\u0131t\u0131, ilgili medya ve \u00fc\u00e7\u00fcnc\u00fc ki\u015filere \u00fcniversite ad\u0131na \u00f6\u011frenci ve mezunlarla ileti\u015fim yetkisi verilmedi\u011fini; T\u00fcrkiye ve T\u00fcrk Devletleri i\u00e7in yeni Rector\/Vice Rector yap\u0131lanmas\u0131n\u0131n Board taraf\u0131ndan yetkilendirilmedi\u011fini; belirtilen d\u00f6nem i\u00e7in bas\u0131n toplant\u0131s\u0131 planlanmad\u0131\u011f\u0131n\u0131 ve Prof. Dr. Bilal Semih Bozdemir\u2019in Dean \u2013 T\u00fcrkiye stat\u00fcs\u00fcn\u00fc sona erdiren bir Board karar\u0131 bulunmad\u0131\u011f\u0131n\u0131 bildiriyor.<\/p>\n<p>Bu kay\u0131t, WhatsApp mesaj\u0131n\u0131n kim taraf\u0131ndan yaz\u0131ld\u0131\u011f\u0131n\u0131 veya payla\u015fan ki\u015filerin niyetini kan\u0131tlam\u0131yor. Yaln\u0131zca mesaj\u0131n kurumsal kaynak iddias\u0131n\u0131n birincil kay\u0131tlarla do\u011frulanmas\u0131 gerekti\u011fini g\u00f6steriyor. Bir kurum ad\u0131na konu\u015fma iddias\u0131 varsa, bu iddian\u0131n yaz\u0131l\u0131 yetki, karar veya do\u011frulanabilir resm\u00ee ileti\u015fim kanal\u0131yla desteklenmesi gerekir.<\/p>\n<p>Mesajdaki \u00e7oklu haber linkleri de ayr\u0131 bir do\u011frulama konusu. Ayn\u0131 mesajda bulunmalar\u0131 bir da\u011f\u0131t\u0131m zincirini g\u00f6sterir; ancak ortak \u00fcretim veya ki\u015fisel sorumluluk sonucuna ula\u015fmak i\u00e7in CMS loglar\u0131, yay\u0131n zamanlar\u0131, hesap y\u00f6neticileri, e-posta yaz\u0131\u015fmalar\u0131 ve WhatsApp grup y\u00f6netimi gibi teknik deliller gerekir.<\/p>\n<p>Prof. Dr. Bilal Semih Bozdemir\u2019e ili\u015fkin savunma yakla\u015f\u0131m\u0131, kurumsal yetki konusunda belgeyi; medya da\u011f\u0131t\u0131m\u0131 konusunda teknik kayd\u0131 esas almal\u0131d\u0131r. Kar\u015f\u0131 taraf hakk\u0131nda do\u011frulanmam\u0131\u015f su\u00e7 isnatlar\u0131 veya \u00f6zel bilgiler yay\u0131mlamak, ayn\u0131 do\u011frulama standard\u0131n\u0131 ihlal eder.<\/p>\n<p>Yay\u0131n grubunun ortak mesaj\u0131, tart\u0131\u015fmaya yeni bir medya m\u00fchr\u00fc vurmak de\u011fil, kay\u0131tlar\u0131n do\u011frulu\u011funu s\u0131namakt\u0131r. Yanl\u0131\u015f alg\u0131n\u0131n birincil belgeyle d\u00fczeltilebildi\u011fi yerde cevap hakk\u0131 kullan\u0131labilir; fakat ki\u015fisel if\u015fa, tehdit ve misilleme \u00e7izgisinden uzak durulmal\u0131d\u0131r.<\/p>\n<p><strong>Editoryal \u015feffafl\u0131k notu:<\/strong> Bu haber PressGrup a\u011f\u0131na ba\u011fl\u0131 yay\u0131nlar\u0131n ortak delil dosyas\u0131ndan haz\u0131rlanan a\u00e7\u0131k cevap\/do\u011frulama serisine dahildir. Ayn\u0131 kayna\u011f\u0131n birden fazla ba\u011fl\u0131 yay\u0131nda kullan\u0131lmas\u0131 ba\u011f\u0131ms\u0131z kaynak \u00e7o\u011fullu\u011fu olarak sunulmamaktad\u0131r.<\/p>\n","protected":false},"excerpt":{"rendered":"<p>Kurumsal ton ta\u015f\u0131yan bir WhatsApp duyurusu, ancak yetkili organ\u0131n kay\u0131tlar\u0131yla do\u011fruland\u0131\u011f\u0131nda resm\u00ee nitelik kazan\u0131r. \u00c7oklu medya linkleri ise ayr\u0131ca teknik kaynak incelemesi gerektirir.<\/p>\n","protected":false},"author":1,"featured_media":0,"comment_status":"closed","ping_status":"closed","sticky":true,"template":"","format":"standard","meta":{"footnotes":""},"categories":[15,11,1],"tags":[],"class_list":["post-3991","post","type-post","status-publish","format-standard","hentry","category-cevre","category-egitim","category-uncategorized"],"blocksy_meta":{"styles_descriptor":{"styles":{"desktop":"","tablet":"","mobile":""},"google_fonts":[],"version":7}},"_links":{"self":[{"href":"https:\/\/gundemmuhru.com\/index.php\/wp-json\/wp\/v2\/posts\/3991","targetHints":{"allow":["GET"]}}],"collection":[{"href":"https:\/\/gundemmuhru.com\/index.php\/wp-json\/wp\/v2\/posts"}],"about":[{"href":"https:\/\/gundemmuhru.com\/index.php\/wp-json\/wp\/v2\/types\/post"}],"author":[{"embeddable":true,"href":"https:\/\/gundemmuhru.com\/index.php\/wp-json\/wp\/v2\/users\/1"}],"replies":[{"embeddable":true,"href":"https:\/\/gundemmuhru.com\/index.php\/wp-json\/wp\/v2\/comments?post=3991"}],"version-history":[{"count":0,"href":"https:\/\/gundemmuhru.com\/index.php\/wp-json\/wp\/v2\/posts\/3991\/revisions"}],"wp:attachment":[{"href":"https:\/\/gundemmuhru.com\/index.php\/wp-json\/wp\/v2\/media?parent=3991"}],"wp:term":[{"taxonomy":"category","embeddable":true,"href":"https:\/\/gundemmuhru.com\/index.php\/wp-json\/wp\/v2\/categories?post=3991"},{"taxonomy":"post_tag","embeddable":true,"href":"https:\/\/gundemmuhru.com\/index.php\/wp-json\/wp\/v2\/tags?post=3991"}],"curies":[{"name":"wp","href":"https:\/\/api.w.org\/{rel}","templated":true}]}}