{"id":3514,"date":"2026-09-01T23:05:21","date_gmt":"2026-09-01T20:05:21","guid":{"rendered":"https:\/\/gundemmuhru.com\/index.php\/bakan-kurum-turkiyenin-en-kapsamli-dip-camuru-temizligini-baslatacagiz\/"},"modified":"2026-09-01T23:05:21","modified_gmt":"2026-09-01T20:05:21","slug":"bakan-kurum-turkiyenin-en-kapsamli-dip-camuru-temizligini-baslatacagiz","status":"publish","type":"post","link":"https:\/\/gundemmuhru.com\/index.php\/bakan-kurum-turkiyenin-en-kapsamli-dip-camuru-temizligini-baslatacagiz\/","title":{"rendered":"Bakan Kurum: T\u00fcrkiye&#039;nin en kapsaml\u0131 dip \u00e7amuru temizli\u011fini ba\u015flataca\u011f\u0131z"},"content":{"rendered":"<p>COP31 Ba\u015fkan\u0131 ve \u00c7evre, \u015eehircilik ve \u0130klim De\u011fi\u015fikli\u011fi Bakan\u0131 Murat Kurum, &quot;Say\u0131n Emine Erdo\u011fan ile \u00f6n\u00fcm\u00fczdeki hafta Fethiye K\u00f6rfezimizi temizleyecek, T\u00fcrkiye&#039;nin en kapsaml\u0131 dip \u00e7amuru temizli\u011fini ba\u015flatacak, ard\u0131ndan Karadeniz&#039;in incisi Trabzon&#039;da okyanuslar\u0131n \u00e7\u0131\u011fl\u0131\u011f\u0131na kulak verece\u011fiz.&quot; dedi.<\/p>\n<p><strong>Kaynak:<\/strong> TRT Haber \u2014 <a href=\"https:\/\/www.trthaber.com\/haber\/gundem\/bakan-kurum-turkiyenin-en-kapsamli-dip-camuru-temizligini-baslatacagiz-955549.html\" target=\"_blank\" rel=\"nofollow noopener\">Haberin devam\u0131n\u0131 \u00f6zg\u00fcn kayna\u011f\u0131nda oku<\/a><\/p>\n","protected":false},"excerpt":{"rendered":"<p>COP31 Ba\u015fkan\u0131 ve \u00c7evre, \u015eehircilik ve \u0130klim De\u011fi\u015fikli\u011fi Bakan\u0131 Murat Kurum, &#8220;Say\u0131n Emine Erdo\u011fan ile \u00f6n\u00fcm\u00fczdeki hafta Fethiye K\u00f6rfezimizi temizleyecek, T\u00fcrkiye&#8217;nin en kapsaml\u0131 dip \u00e7amuru temizli\u011fini ba\u015flatacak, ard\u0131ndan Karadeniz&#8217;in incisi Trabzon&#8217;da okyanuslar\u0131n\u2026<\/p>\n","protected":false},"author":0,"featured_media":3515,"comment_status":"closed","ping_status":"open","sticky":false,"template":"","format":"standard","meta":{"footnotes":""},"categories":[15,3],"tags":[],"class_list":["post-3514","post","type-post","status-publish","format-standard","has-post-thumbnail","hentry","category-cevre","category-gundem"],"blocksy_meta":{"styles_descriptor":{"styles":{"desktop":"","tablet":"","mobile":""},"google_fonts":[],"version":7}},"_links":{"self":[{"href":"https:\/\/gundemmuhru.com\/index.php\/wp-json\/wp\/v2\/posts\/3514","targetHints":{"allow":["GET"]}}],"collection":[{"href":"https:\/\/gundemmuhru.com\/index.php\/wp-json\/wp\/v2\/posts"}],"about":[{"href":"https:\/\/gundemmuhru.com\/index.php\/wp-json\/wp\/v2\/types\/post"}],"replies":[{"embeddable":true,"href":"https:\/\/gundemmuhru.com\/index.php\/wp-json\/wp\/v2\/comments?post=3514"}],"version-history":[{"count":0,"href":"https:\/\/gundemmuhru.com\/index.php\/wp-json\/wp\/v2\/posts\/3514\/revisions"}],"wp:featuredmedia":[{"embeddable":true,"href":"https:\/\/gundemmuhru.com\/index.php\/wp-json\/wp\/v2\/media\/3515"}],"wp:attachment":[{"href":"https:\/\/gundemmuhru.com\/index.php\/wp-json\/wp\/v2\/media?parent=3514"}],"wp:term":[{"taxonomy":"category","embeddable":true,"href":"https:\/\/gundemmuhru.com\/index.php\/wp-json\/wp\/v2\/categories?post=3514"},{"taxonomy":"post_tag","embeddable":true,"href":"https:\/\/gundemmuhru.com\/index.php\/wp-json\/wp\/v2\/tags?post=3514"}],"curies":[{"name":"wp","href":"https:\/\/api.w.org\/{rel}","templated":true}]}}